{"id":726,"date":"2025-10-20T10:37:08","date_gmt":"2025-10-20T08:37:08","guid":{"rendered":"https:\/\/altaml.upjs.sk\/?p=726"},"modified":"2025-10-20T10:37:08","modified_gmt":"2025-10-20T08:37:08","slug":"registracia-na-konferenciu-pravo-a-inovacie-spustena","status":"publish","type":"post","link":"https:\/\/altaml.upjs.sk\/en\/news\/registracia-na-konferenciu-pravo-a-inovacie-spustena\/","title":{"rendered":"Registr\u00e1cia na konferenciu Pr\u00e1vo a\u00a0inov\u00e1cie spusten\u00e1!"},"content":{"rendered":"<p>D\u0148a 14.11.2025 sa bude kona\u0165 konferencia Pr\u00e1vo a&nbsp;Inov\u00e1cie &#8211; pr\u00e1vna prax pripraven\u00e1 na umel\u00fa inteligenciu? zameran\u00e1 na digitaliz\u00e1ciu, nov\u00e9 technol\u00f3gie a umel\u00fa inteligenciu so zrete\u013eom na ich prienik do oblasti pr\u00e1va a pr\u00e1vnej praxe.<\/p>\n\n\n\n<p>Konferencia je s\u00fa\u010das\u0165ou rie\u0161enia vedeck\u00e9ho projektu&nbsp;<a rel=\"noreferrer noopener\" target=\"_blank\" href=\"https:\/\/www.linkedin.com\/company\/altaml-project\/\">ALTAML Project<\/a>&nbsp;podporen\u00e9ho zo zdrojov&nbsp;<a rel=\"noreferrer noopener\" target=\"_blank\" href=\"https:\/\/www.linkedin.com\/company\/plan-obnovy\/\">Pl\u00e1n obnovy<\/a>, ktor\u00e9ho hlavn\u00fdm rie\u0161ite\u013eom je na\u0161a univerzita a partnermi s\u00fa:&nbsp;<a rel=\"noreferrer noopener\" target=\"_blank\" href=\"https:\/\/www.linkedin.com\/company\/comeniusuniversity\/\">Comenius University in Bratislava<\/a>&nbsp;a&nbsp;<a rel=\"noreferrer noopener\" target=\"_blank\" href=\"https:\/\/www.linkedin.com\/company\/wolters-kluwer-s.-r.-o.\/\">Wolters Kluwer SK<\/a>.<\/p>\n\n\n\n<p>\ud83d\udca1 Program konferencie a&nbsp;prihlasovanie s\u00fa dostupn\u00e9 na nasleduj\u00facom linku:&nbsp;<a rel=\"noreferrer noopener\" target=\"_blank\" href=\"https:\/\/lai.sk\/\">https:\/\/lai.sk\/<\/a><\/p>\n\n\n\n<p>Te\u0161\u00edme sa na Va\u0161u \u00fa\u010das\u0165 spolu s \u010fal\u0161\u00edmi partnermi na\u0161ej konferencie.<\/p>","protected":false},"excerpt":{"rendered":"<p>D\u0148a 14.11.2025 sa bude kona\u0165 konferencia Pr\u00e1vo a&nbsp;Inov\u00e1cie &#8211; pr\u00e1vna prax pripraven\u00e1 na umel\u00fa inteligenciu? zameran\u00e1 na digitaliz\u00e1ciu, nov\u00e9 technol\u00f3gie a umel\u00fa inteligenciu so zrete\u013eom na ich prienik do oblasti pr\u00e1va a pr\u00e1vnej praxe. Konferencia je s\u00fa\u010das\u0165ou rie\u0161enia vedeck\u00e9ho projektu&nbsp;ALTAML Project&nbsp;podporen\u00e9ho zo zdrojov&nbsp;Pl\u00e1n obnovy, ktor\u00e9ho hlavn\u00fdm rie\u0161ite\u013eom je na\u0161a univerzita a partnermi s\u00fa:&nbsp;Univerzita Komensk\u00e9ho v [&hellip;]<\/p>\n","protected":false},"author":35,"featured_media":727,"comment_status":"closed","ping_status":"open","sticky":false,"template":"","format":"standard","meta":{"footnotes":""},"categories":[15],"tags":[],"class_list":["post-726","post","type-post","status-publish","format-standard","has-post-thumbnail","hentry","category-news"],"_links":{"self":[{"href":"https:\/\/altaml.upjs.sk\/en\/wp-json\/wp\/v2\/posts\/726","targetHints":{"allow":["GET"]}}],"collection":[{"href":"https:\/\/altaml.upjs.sk\/en\/wp-json\/wp\/v2\/posts"}],"about":[{"href":"https:\/\/altaml.upjs.sk\/en\/wp-json\/wp\/v2\/types\/post"}],"author":[{"embeddable":true,"href":"https:\/\/altaml.upjs.sk\/en\/wp-json\/wp\/v2\/users\/35"}],"replies":[{"embeddable":true,"href":"https:\/\/altaml.upjs.sk\/en\/wp-json\/wp\/v2\/comments?post=726"}],"version-history":[{"count":1,"href":"https:\/\/altaml.upjs.sk\/en\/wp-json\/wp\/v2\/posts\/726\/revisions"}],"predecessor-version":[{"id":728,"href":"https:\/\/altaml.upjs.sk\/en\/wp-json\/wp\/v2\/posts\/726\/revisions\/728"}],"wp:featuredmedia":[{"embeddable":true,"href":"https:\/\/altaml.upjs.sk\/en\/wp-json\/wp\/v2\/media\/727"}],"wp:attachment":[{"href":"https:\/\/altaml.upjs.sk\/en\/wp-json\/wp\/v2\/media?parent=726"}],"wp:term":[{"taxonomy":"category","embeddable":true,"href":"https:\/\/altaml.upjs.sk\/en\/wp-json\/wp\/v2\/categories?post=726"},{"taxonomy":"post_tag","embeddable":true,"href":"https:\/\/altaml.upjs.sk\/en\/wp-json\/wp\/v2\/tags?post=726"}],"curies":[{"name":"wp","href":"https:\/\/api.w.org\/{rel}","templated":true}]}}